{"id":500,"date":"2018-04-30T18:43:02","date_gmt":"2018-04-30T18:43:02","guid":{"rendered":"http:\/\/familiebilleder.samfundslitteratur.dk\/?p=500"},"modified":"2018-04-30T18:43:02","modified_gmt":"2018-04-30T18:43:02","slug":"dho-2018-familiebillede-fra-den-foerste-hoest","status":"publish","type":"post","link":"https:\/\/familiebilleder.samfundslitteratur.dk\/?p=500","title":{"rendered":"DHO 2018 &#8211; Familiebillede fra den f\u00f8rste h\u00f8st"},"content":{"rendered":"<p><img data-recalc-dims=\"1\" loading=\"lazy\" decoding=\"async\" data-attachment-id=\"501\" data-permalink=\"https:\/\/familiebilleder.samfundslitteratur.dk\/?attachment_id=501\" data-orig-file=\"https:\/\/i0.wp.com\/familiebilleder.samfundslitteratur.dk\/wp-content\/uploads\/2018\/04\/300418-DHO-i-Solr%C3%B8d.jpg?fit=960%2C720&amp;ssl=1\" data-orig-size=\"960,720\" data-comments-opened=\"1\" data-image-meta=\"{&quot;aperture&quot;:&quot;0&quot;,&quot;credit&quot;:&quot;&quot;,&quot;camera&quot;:&quot;&quot;,&quot;caption&quot;:&quot;&quot;,&quot;created_timestamp&quot;:&quot;0&quot;,&quot;copyright&quot;:&quot;&quot;,&quot;focal_length&quot;:&quot;0&quot;,&quot;iso&quot;:&quot;0&quot;,&quot;shutter_speed&quot;:&quot;0&quot;,&quot;title&quot;:&quot;&quot;,&quot;orientation&quot;:&quot;0&quot;}\" data-image-title=\"300418 DHO i Solr\u00f8d\" data-image-description=\"\" data-image-caption=\"\" data-large-file=\"https:\/\/i0.wp.com\/familiebilleder.samfundslitteratur.dk\/wp-content\/uploads\/2018\/04\/300418-DHO-i-Solr%C3%B8d.jpg?fit=712%2C534&amp;ssl=1\" class=\"alignnone size-medium wp-image-501\" src=\"https:\/\/i0.wp.com\/familiebilleder.samfundslitteratur.dk\/wp-content\/uploads\/2018\/04\/300418-DHO-i-Solr%C3%B8d-300x225.jpg?resize=300%2C225\" alt=\"\" width=\"300\" height=\"225\" srcset=\"https:\/\/i0.wp.com\/familiebilleder.samfundslitteratur.dk\/wp-content\/uploads\/2018\/04\/300418-DHO-i-Solr%C3%B8d.jpg?resize=300%2C225&amp;ssl=1 300w, https:\/\/i0.wp.com\/familiebilleder.samfundslitteratur.dk\/wp-content\/uploads\/2018\/04\/300418-DHO-i-Solr%C3%B8d.jpg?resize=768%2C576&amp;ssl=1 768w, https:\/\/i0.wp.com\/familiebilleder.samfundslitteratur.dk\/wp-content\/uploads\/2018\/04\/300418-DHO-i-Solr%C3%B8d.jpg?w=960&amp;ssl=1 960w\" sizes=\"auto, (max-width: 300px) 100vw, 300px\" \/><\/p>\n<p>Min 1.z har den 30. april 2018 netop afleveret deres DHO&#8217;er om familien og de n\u00e6re relationers natur-, kultur- og samfundshistorie. Trine Brix fangede en lille gruppe elever og lokkede mig med p\u00e5 dette, skal vi sige &#8220;familiebillede&#8221; &#8211; og lagde det fluks p\u00e5 Facebook <a href=\"https:\/\/bit.ly\/2reSXY6\" target=\"_blank\" rel=\"noopener\">https:\/\/bit.ly\/2reSXY6<\/a><\/p>\n","protected":false},"excerpt":{"rendered":"<p>Min 1.z har den 30. april 2018 netop afleveret deres DHO&#8217;er om familien og de n\u00e6re relationers natur-, kultur- og samfundshistorie. Trine Brix fangede en lille gruppe elever og lokkede mig med p\u00e5 dette, skal vi sige &#8220;familiebillede&#8221; &#8211; og lagde det fluks p\u00e5 Facebook https:\/\/bit.ly\/2reSXY6<\/p>\n","protected":false},"author":4,"featured_media":0,"comment_status":"open","ping_status":"open","sticky":false,"template":"","format":"standard","meta":{"jetpack_post_was_ever_published":false,"_jetpack_newsletter_access":"","_jetpack_dont_email_post_to_subs":false,"_jetpack_newsletter_tier_id":0,"_jetpack_memberships_contains_paywalled_content":false,"_jetpack_memberships_contains_paid_content":false,"footnotes":"","jetpack_publicize_message":"","jetpack_publicize_feature_enabled":true,"jetpack_social_post_already_shared":true,"jetpack_social_options":{"image_generator_settings":{"template":"highway","default_image_id":0,"font":"","enabled":false},"version":2}},"categories":[21,19,1],"tags":[41,24,25,46],"class_list":["post-500","post","type-post","status-publish","format-standard","hentry","category-blandet-og-andet","category-fortaelling-fortolkning-formidling","category-undervisning-med-familiebilleder","tag-dho","tag-familie","tag-historiefortaelling","tag-naere-relationer","no-featured-image"],"jetpack_publicize_connections":[],"jetpack_featured_media_url":"","jetpack_sharing_enabled":true,"jetpack_shortlink":"https:\/\/wp.me\/p91OzV-84","jetpack-related-posts":[],"_links":{"self":[{"href":"https:\/\/familiebilleder.samfundslitteratur.dk\/index.php?rest_route=\/wp\/v2\/posts\/500","targetHints":{"allow":["GET"]}}],"collection":[{"href":"https:\/\/familiebilleder.samfundslitteratur.dk\/index.php?rest_route=\/wp\/v2\/posts"}],"about":[{"href":"https:\/\/familiebilleder.samfundslitteratur.dk\/index.php?rest_route=\/wp\/v2\/types\/post"}],"author":[{"embeddable":true,"href":"https:\/\/familiebilleder.samfundslitteratur.dk\/index.php?rest_route=\/wp\/v2\/users\/4"}],"replies":[{"embeddable":true,"href":"https:\/\/familiebilleder.samfundslitteratur.dk\/index.php?rest_route=%2Fwp%2Fv2%2Fcomments&post=500"}],"version-history":[{"count":2,"href":"https:\/\/familiebilleder.samfundslitteratur.dk\/index.php?rest_route=\/wp\/v2\/posts\/500\/revisions"}],"predecessor-version":[{"id":503,"href":"https:\/\/familiebilleder.samfundslitteratur.dk\/index.php?rest_route=\/wp\/v2\/posts\/500\/revisions\/503"}],"wp:attachment":[{"href":"https:\/\/familiebilleder.samfundslitteratur.dk\/index.php?rest_route=%2Fwp%2Fv2%2Fmedia&parent=500"}],"wp:term":[{"taxonomy":"category","embeddable":true,"href":"https:\/\/familiebilleder.samfundslitteratur.dk\/index.php?rest_route=%2Fwp%2Fv2%2Fcategories&post=500"},{"taxonomy":"post_tag","embeddable":true,"href":"https:\/\/familiebilleder.samfundslitteratur.dk\/index.php?rest_route=%2Fwp%2Fv2%2Ftags&post=500"}],"curies":[{"name":"wp","href":"https:\/\/api.w.org\/{rel}","templated":true}]}}